{"id":3040,"date":"2022-04-13T10:28:04","date_gmt":"2022-04-13T15:28:04","guid":{"rendered":"https:\/\/www.movilidadmachala.gob.ec\/web\/?p=3040"},"modified":"2022-04-19T10:36:33","modified_gmt":"2022-04-19T15:36:33","slug":"retiro-de-reductores-de-velocidad-clandestinos","status":"publish","type":"post","link":"https:\/\/www.movilidadmachala.gob.ec\/web\/retiro-de-reductores-de-velocidad-clandestinos\/","title":{"rendered":"Retiro de reductores de velocidad clandestinos"},"content":{"rendered":"<div class=\"kvgmc6g5 cxmmr5t8 oygrvhab hcukyx3x c1et5uql ii04i59q\">\n<div dir=\"auto\"><a class=\"oajrlxb2 g5ia77u1 qu0x051f esr5mh6w e9989ue4 r7d6kgcz rq0escxv nhd2j8a9 nc684nl6 p7hjln8o kvgmc6g5 cxmmr5t8 oygrvhab hcukyx3x jb3vyjys rz4wbd8a qt6c0cv9 a8nywdso i1ao9s8h esuyzwwr f1sip0of lzcic4wl gpro0wi8 q66pz984 b1v8xokw\" tabindex=\"0\" role=\"link\" href=\"https:\/\/www.facebook.com\/hashtag\/ahora?__eep__=6&amp;__cft__[0]=AZUcWohCPXM3x-1m9RnZkA_pZZKO5wKV3mMlJytf3kc-2dUr-xFT_SkdaX1yMKg9Eodx1WrCbZjjwLChhwuHV4N1flqzoOBiuy0PNazeXQPnJSifhtaTtWuYZjiSlUCB5Kh888ppCxkQHJBevyUkptHB&amp;__tn__=*NK-R\">#Ahora<\/a><\/div>\n<\/div>\n<div class=\"cxmmr5t8 oygrvhab hcukyx3x c1et5uql o9v6fnle ii04i59q\">\n<div dir=\"auto\">Movilidad Machala EP, junto al departamento de Obras P\u00fablicas del Municipio de Machala, realiza el retiro de reductores de velocidad clandestinos, ubicados en la v\u00eda Pajonal, debido a que no cumplen las normas t\u00e9cnicas de tr\u00e1nsito.<\/div>\n<\/div>\n<div class=\"cxmmr5t8 oygrvhab hcukyx3x c1et5uql o9v6fnle ii04i59q\">\n<div dir=\"auto\"><a class=\"oajrlxb2 g5ia77u1 qu0x051f esr5mh6w e9989ue4 r7d6kgcz rq0escxv nhd2j8a9 nc684nl6 p7hjln8o kvgmc6g5 cxmmr5t8 oygrvhab hcukyx3x jb3vyjys rz4wbd8a qt6c0cv9 a8nywdso i1ao9s8h esuyzwwr f1sip0of lzcic4wl gpro0wi8 q66pz984 b1v8xokw\" tabindex=\"0\" role=\"link\" href=\"https:\/\/www.facebook.com\/hashtag\/trabajandoportuseguridadvial?__eep__=6&amp;__cft__[0]=AZUcWohCPXM3x-1m9RnZkA_pZZKO5wKV3mMlJytf3kc-2dUr-xFT_SkdaX1yMKg9Eodx1WrCbZjjwLChhwuHV4N1flqzoOBiuy0PNazeXQPnJSifhtaTtWuYZjiSlUCB5Kh888ppCxkQHJBevyUkptHB&amp;__tn__=*NK-R\">#TrabajandoPorTuSeguridadVial<\/a><\/div>\n<\/div>\n<div class=\"cxmmr5t8 oygrvhab hcukyx3x c1et5uql o9v6fnle ii04i59q\">\n<div dir=\"auto\"><a class=\"oajrlxb2 g5ia77u1 qu0x051f esr5mh6w e9989ue4 r7d6kgcz rq0escxv nhd2j8a9 nc684nl6 p7hjln8o kvgmc6g5 cxmmr5t8 oygrvhab hcukyx3x jb3vyjys rz4wbd8a qt6c0cv9 a8nywdso i1ao9s8h esuyzwwr f1sip0of lzcic4wl gpro0wi8 q66pz984 b1v8xokw\" tabindex=\"0\" role=\"link\" href=\"https:\/\/www.facebook.com\/hashtag\/movilidadmachalaep?__eep__=6&amp;__cft__[0]=AZUcWohCPXM3x-1m9RnZkA_pZZKO5wKV3mMlJytf3kc-2dUr-xFT_SkdaX1yMKg9Eodx1WrCbZjjwLChhwuHV4N1flqzoOBiuy0PNazeXQPnJSifhtaTtWuYZjiSlUCB5Kh888ppCxkQHJBevyUkptHB&amp;__tn__=*NK-R\">#MovilidadMachalaEP<\/a><\/div>\n<div dir=\"auto\"><a class=\"oajrlxb2 g5ia77u1 qu0x051f esr5mh6w e9989ue4 r7d6kgcz rq0escxv nhd2j8a9 nc684nl6 p7hjln8o kvgmc6g5 cxmmr5t8 oygrvhab hcukyx3x jb3vyjys rz4wbd8a qt6c0cv9 a8nywdso i1ao9s8h esuyzwwr f1sip0of lzcic4wl gpro0wi8 q66pz984 b1v8xokw\" tabindex=\"0\" role=\"link\" href=\"https:\/\/www.facebook.com\/hashtag\/dar%C3%ADomacasalcalde?__eep__=6&amp;__cft__[0]=AZUcWohCPXM3x-1m9RnZkA_pZZKO5wKV3mMlJytf3kc-2dUr-xFT_SkdaX1yMKg9Eodx1WrCbZjjwLChhwuHV4N1flqzoOBiuy0PNazeXQPnJSifhtaTtWuYZjiSlUCB5Kh888ppCxkQHJBevyUkptHB&amp;__tn__=*NK-R\">#Dar\u00edoMacasAlcalde<\/a><\/div>\n<\/div>\n","protected":false},"excerpt":{"rendered":"<p>#Ahora Movilidad Machala EP, junto al departamento de Obras P\u00fablicas del Municipio de Machala, realiza el retiro de reductores de velocidad clandestinos, ubicados en la v\u00eda Pajonal, debido a que no cumplen las normas t\u00e9cnicas de tr\u00e1nsito. #TrabajandoPorTuSeguridadVial #MovilidadMachalaEP #Dar\u00edoMacasAlcalde<\/p>\n","protected":false},"author":990005,"featured_media":3041,"comment_status":"closed","ping_status":"closed","sticky":false,"template":"","format":"standard","meta":{"footnotes":""},"categories":[35],"tags":[],"class_list":["post-3040","post","type-post","status-publish","format-standard","has-post-thumbnail","hentry","category-noticias"],"_links":{"self":[{"href":"https:\/\/www.movilidadmachala.gob.ec\/web\/wp-json\/wp\/v2\/posts\/3040","targetHints":{"allow":["GET"]}}],"collection":[{"href":"https:\/\/www.movilidadmachala.gob.ec\/web\/wp-json\/wp\/v2\/posts"}],"about":[{"href":"https:\/\/www.movilidadmachala.gob.ec\/web\/wp-json\/wp\/v2\/types\/post"}],"author":[{"embeddable":true,"href":"https:\/\/www.movilidadmachala.gob.ec\/web\/wp-json\/wp\/v2\/users\/990005"}],"replies":[{"embeddable":true,"href":"https:\/\/www.movilidadmachala.gob.ec\/web\/wp-json\/wp\/v2\/comments?post=3040"}],"version-history":[{"count":1,"href":"https:\/\/www.movilidadmachala.gob.ec\/web\/wp-json\/wp\/v2\/posts\/3040\/revisions"}],"predecessor-version":[{"id":3042,"href":"https:\/\/www.movilidadmachala.gob.ec\/web\/wp-json\/wp\/v2\/posts\/3040\/revisions\/3042"}],"wp:featuredmedia":[{"embeddable":true,"href":"https:\/\/www.movilidadmachala.gob.ec\/web\/wp-json\/wp\/v2\/media\/3041"}],"wp:attachment":[{"href":"https:\/\/www.movilidadmachala.gob.ec\/web\/wp-json\/wp\/v2\/media?parent=3040"}],"wp:term":[{"taxonomy":"category","embeddable":true,"href":"https:\/\/www.movilidadmachala.gob.ec\/web\/wp-json\/wp\/v2\/categories?post=3040"},{"taxonomy":"post_tag","embeddable":true,"href":"https:\/\/www.movilidadmachala.gob.ec\/web\/wp-json\/wp\/v2\/tags?post=3040"}],"curies":[{"name":"wp","href":"https:\/\/api.w.org\/{rel}","templated":true}]}}