{"id":3043,"date":"2022-04-13T14:00:07","date_gmt":"2022-04-13T19:00:07","guid":{"rendered":"https:\/\/www.movilidadmachala.gob.ec\/web\/?p=3043"},"modified":"2022-04-19T10:46:44","modified_gmt":"2022-04-19T15:46:44","slug":"nueva-interseccion-semaforica-en-las-calles-manuel-serrano-y-babahoyo","status":"publish","type":"post","link":"https:\/\/www.movilidadmachala.gob.ec\/web\/nueva-interseccion-semaforica-en-las-calles-manuel-serrano-y-babahoyo\/","title":{"rendered":"Nueva intersecci\u00f3n semaf\u00f3rica en las calles Manuel Serrano y Babahoyo."},"content":{"rendered":"<div class=\"kvgmc6g5 cxmmr5t8 oygrvhab hcukyx3x c1et5uql ii04i59q\">\n<div dir=\"auto\"><a class=\"oajrlxb2 g5ia77u1 qu0x051f esr5mh6w e9989ue4 r7d6kgcz rq0escxv nhd2j8a9 nc684nl6 p7hjln8o kvgmc6g5 cxmmr5t8 oygrvhab hcukyx3x jb3vyjys rz4wbd8a qt6c0cv9 a8nywdso i1ao9s8h esuyzwwr f1sip0of lzcic4wl gpro0wi8 q66pz984 b1v8xokw\" tabindex=\"0\" role=\"link\" href=\"https:\/\/www.facebook.com\/hashtag\/movilidadcomunica?__eep__=6&amp;__cft__[0]=AZXduejBRkHLppusg2t4WBrI--RRT_2wcDe5aie8sPASY7CeCixMrAMElR3hd_t-pOTvZ9mk-7rNs-imbj6f-c8zaG23or7MkFjnmoM4dP29Z3sJoovA2c-YqIMz2LowfnVwtyM58M3ch50Aem9GkgQS&amp;__tn__=*NK-R\">#MovilidadComunica<\/a><\/div>\n<\/div>\n<div class=\"cxmmr5t8 oygrvhab hcukyx3x c1et5uql o9v6fnle ii04i59q\">\n<div dir=\"auto\">Se realiza colocaci\u00f3n de nueva intersecci\u00f3n semaf\u00f3rica en la calle Manuel Serrano y Babahoyo. Sector de alto flujo vehicular que contar\u00e1 con sem\u00e1foros inteligentes, que facilitar\u00e1n el orden y la seguridad de los habitantes.<\/div>\n<\/div>\n<div class=\"cxmmr5t8 oygrvhab hcukyx3x c1et5uql o9v6fnle ii04i59q\">\n<div dir=\"auto\">\u00a1Trabajando por tu seguridad vial!<\/div>\n<\/div>\n<div class=\"cxmmr5t8 oygrvhab hcukyx3x c1et5uql o9v6fnle ii04i59q\">\n<div dir=\"auto\"><a class=\"oajrlxb2 g5ia77u1 qu0x051f esr5mh6w e9989ue4 r7d6kgcz rq0escxv nhd2j8a9 nc684nl6 p7hjln8o kvgmc6g5 cxmmr5t8 oygrvhab hcukyx3x jb3vyjys rz4wbd8a qt6c0cv9 a8nywdso i1ao9s8h esuyzwwr f1sip0of lzcic4wl gpro0wi8 q66pz984 b1v8xokw\" tabindex=\"0\" role=\"link\" href=\"https:\/\/www.facebook.com\/hashtag\/movilidadmachalaep?__eep__=6&amp;__cft__[0]=AZXduejBRkHLppusg2t4WBrI--RRT_2wcDe5aie8sPASY7CeCixMrAMElR3hd_t-pOTvZ9mk-7rNs-imbj6f-c8zaG23or7MkFjnmoM4dP29Z3sJoovA2c-YqIMz2LowfnVwtyM58M3ch50Aem9GkgQS&amp;__tn__=*NK-R\">#MovilidadMachalaEP<\/a><\/div>\n<div dir=\"auto\"><a class=\"oajrlxb2 g5ia77u1 qu0x051f esr5mh6w e9989ue4 r7d6kgcz rq0escxv nhd2j8a9 nc684nl6 p7hjln8o kvgmc6g5 cxmmr5t8 oygrvhab hcukyx3x jb3vyjys rz4wbd8a qt6c0cv9 a8nywdso i1ao9s8h esuyzwwr f1sip0of lzcic4wl gpro0wi8 q66pz984 b1v8xokw\" tabindex=\"0\" role=\"link\" href=\"https:\/\/www.facebook.com\/hashtag\/dar%C3%ADomacasalcalde?__eep__=6&amp;__cft__[0]=AZXduejBRkHLppusg2t4WBrI--RRT_2wcDe5aie8sPASY7CeCixMrAMElR3hd_t-pOTvZ9mk-7rNs-imbj6f-c8zaG23or7MkFjnmoM4dP29Z3sJoovA2c-YqIMz2LowfnVwtyM58M3ch50Aem9GkgQS&amp;__tn__=*NK-R\">#Dar\u00edoMacasAlcalde<\/a><\/div>\n<\/div>\n","protected":false},"excerpt":{"rendered":"<p>#MovilidadComunica Se realiza colocaci\u00f3n de nueva intersecci\u00f3n semaf\u00f3rica en la calle Manuel Serrano y Babahoyo. Sector de alto flujo vehicular que contar\u00e1 con sem\u00e1foros inteligentes, que facilitar\u00e1n el orden y la seguridad de los habitantes. \u00a1Trabajando por tu seguridad vial!&hellip;<\/p>\n","protected":false},"author":990005,"featured_media":3044,"comment_status":"closed","ping_status":"closed","sticky":false,"template":"","format":"standard","meta":{"footnotes":""},"categories":[35],"tags":[],"class_list":["post-3043","post","type-post","status-publish","format-standard","has-post-thumbnail","hentry","category-noticias"],"_links":{"self":[{"href":"https:\/\/www.movilidadmachala.gob.ec\/web\/wp-json\/wp\/v2\/posts\/3043","targetHints":{"allow":["GET"]}}],"collection":[{"href":"https:\/\/www.movilidadmachala.gob.ec\/web\/wp-json\/wp\/v2\/posts"}],"about":[{"href":"https:\/\/www.movilidadmachala.gob.ec\/web\/wp-json\/wp\/v2\/types\/post"}],"author":[{"embeddable":true,"href":"https:\/\/www.movilidadmachala.gob.ec\/web\/wp-json\/wp\/v2\/users\/990005"}],"replies":[{"embeddable":true,"href":"https:\/\/www.movilidadmachala.gob.ec\/web\/wp-json\/wp\/v2\/comments?post=3043"}],"version-history":[{"count":1,"href":"https:\/\/www.movilidadmachala.gob.ec\/web\/wp-json\/wp\/v2\/posts\/3043\/revisions"}],"predecessor-version":[{"id":3045,"href":"https:\/\/www.movilidadmachala.gob.ec\/web\/wp-json\/wp\/v2\/posts\/3043\/revisions\/3045"}],"wp:featuredmedia":[{"embeddable":true,"href":"https:\/\/www.movilidadmachala.gob.ec\/web\/wp-json\/wp\/v2\/media\/3044"}],"wp:attachment":[{"href":"https:\/\/www.movilidadmachala.gob.ec\/web\/wp-json\/wp\/v2\/media?parent=3043"}],"wp:term":[{"taxonomy":"category","embeddable":true,"href":"https:\/\/www.movilidadmachala.gob.ec\/web\/wp-json\/wp\/v2\/categories?post=3043"},{"taxonomy":"post_tag","embeddable":true,"href":"https:\/\/www.movilidadmachala.gob.ec\/web\/wp-json\/wp\/v2\/tags?post=3043"}],"curies":[{"name":"wp","href":"https:\/\/api.w.org\/{rel}","templated":true}]}}