{"id":3294,"date":"2022-04-25T15:22:35","date_gmt":"2022-04-25T20:22:35","guid":{"rendered":"https:\/\/www.movilidadmachala.gob.ec\/web\/?p=3294"},"modified":"2022-08-22T15:24:49","modified_gmt":"2022-08-22T20:24:49","slug":"capacitacion-a-motosiclistas","status":"publish","type":"post","link":"https:\/\/www.movilidadmachala.gob.ec\/web\/capacitacion-a-motosiclistas\/","title":{"rendered":"CAPACITACI\u00d3N A MOTOSICLISTAS"},"content":{"rendered":"<div class=\"m8h3af8h l7ghb35v kjdc1dyq kmwttqpk gh25dzvf n3t5jt4f\">\n<div dir=\"auto\">Se realiz\u00f3 capacitaci\u00f3n sobre el respeto a las se\u00f1ales de tr\u00e1nsito a un numeroso grupo de motociclistas de la ciudad de Machala, con el objetivo de reducir los accidentes en las calles, que de forma continua se suscitan por irrespetar las leyes de tr\u00e1nsito.<\/div>\n<div dir=\"auto\"><\/div>\n<\/div>\n<div class=\"l7ghb35v kjdc1dyq kmwttqpk gh25dzvf jikcssrz n3t5jt4f\">\n<div dir=\"auto\">Adem\u00e1s se les record\u00f3 del buen uso del casco homologado.<\/div>\n<div dir=\"auto\"><\/div>\n<\/div>\n<div class=\"l7ghb35v kjdc1dyq kmwttqpk gh25dzvf jikcssrz n3t5jt4f\">\n<div dir=\"auto\">\u00a1Trabajando por tu seguridad vial!<\/div>\n<\/div>\n<div class=\"l7ghb35v kjdc1dyq kmwttqpk gh25dzvf jikcssrz n3t5jt4f\">\n<div dir=\"auto\"><a class=\"qi72231t nu7423ey n3hqoq4p r86q59rh b3qcqh3k fq87ekyn bdao358l fsf7x5fv rse6dlih s5oniofx m8h3af8h l7ghb35v kjdc1dyq kmwttqpk srn514ro oxkhqvkx rl78xhln nch0832m cr00lzj9 rn8ck1ys s3jn8y49 icdlwmnq cxfqmxzd d1w2l3lo tes86rjd\" tabindex=\"0\" role=\"link\" href=\"https:\/\/www.facebook.com\/hashtag\/movilidadmachalaep?__eep__=6&amp;__cft__[0]=AZVXFz6ghiLlfn8rV1FH2R_AmsEmXUpe8Q2t9Q-10isTliy7bMB0OfYf_iURAwPKoT3iOfFWq74QblPtdL6IP4HIP0K_3t-ueDh7uDfeKAoaixirTnypXHLYDrR4AQtGMwrqKD4dvRfiLm3HrfkaG8Rm&amp;__tn__=*NK-R\">#MovilidadMachalaEP<\/a><\/div>\n<\/div>\n","protected":false},"excerpt":{"rendered":"<p>Se realiz\u00f3 capacitaci\u00f3n sobre el respeto a las se\u00f1ales de tr\u00e1nsito a un numeroso grupo de motociclistas de la ciudad de Machala, con el objetivo de reducir los accidentes en las calles, que de forma continua se suscitan por irrespetar&hellip;<\/p>\n","protected":false},"author":990005,"featured_media":3295,"comment_status":"closed","ping_status":"closed","sticky":false,"template":"","format":"standard","meta":{"footnotes":""},"categories":[35],"tags":[],"class_list":["post-3294","post","type-post","status-publish","format-standard","has-post-thumbnail","hentry","category-noticias"],"_links":{"self":[{"href":"https:\/\/www.movilidadmachala.gob.ec\/web\/wp-json\/wp\/v2\/posts\/3294","targetHints":{"allow":["GET"]}}],"collection":[{"href":"https:\/\/www.movilidadmachala.gob.ec\/web\/wp-json\/wp\/v2\/posts"}],"about":[{"href":"https:\/\/www.movilidadmachala.gob.ec\/web\/wp-json\/wp\/v2\/types\/post"}],"author":[{"embeddable":true,"href":"https:\/\/www.movilidadmachala.gob.ec\/web\/wp-json\/wp\/v2\/users\/990005"}],"replies":[{"embeddable":true,"href":"https:\/\/www.movilidadmachala.gob.ec\/web\/wp-json\/wp\/v2\/comments?post=3294"}],"version-history":[{"count":3,"href":"https:\/\/www.movilidadmachala.gob.ec\/web\/wp-json\/wp\/v2\/posts\/3294\/revisions"}],"predecessor-version":[{"id":3831,"href":"https:\/\/www.movilidadmachala.gob.ec\/web\/wp-json\/wp\/v2\/posts\/3294\/revisions\/3831"}],"wp:featuredmedia":[{"embeddable":true,"href":"https:\/\/www.movilidadmachala.gob.ec\/web\/wp-json\/wp\/v2\/media\/3295"}],"wp:attachment":[{"href":"https:\/\/www.movilidadmachala.gob.ec\/web\/wp-json\/wp\/v2\/media?parent=3294"}],"wp:term":[{"taxonomy":"category","embeddable":true,"href":"https:\/\/www.movilidadmachala.gob.ec\/web\/wp-json\/wp\/v2\/categories?post=3294"},{"taxonomy":"post_tag","embeddable":true,"href":"https:\/\/www.movilidadmachala.gob.ec\/web\/wp-json\/wp\/v2\/tags?post=3294"}],"curies":[{"name":"wp","href":"https:\/\/api.w.org\/{rel}","templated":true}]}}