{"id":3301,"date":"2022-05-06T17:00:35","date_gmt":"2022-05-06T22:00:35","guid":{"rendered":"https:\/\/www.movilidadmachala.gob.ec\/web\/?p=3301"},"modified":"2022-08-22T15:33:08","modified_gmt":"2022-08-22T20:33:08","slug":"centro-de-rtv-en-machala-unico-autorizado-en-el-oro","status":"publish","type":"post","link":"https:\/\/www.movilidadmachala.gob.ec\/web\/centro-de-rtv-en-machala-unico-autorizado-en-el-oro\/","title":{"rendered":"CENTRO DE RTV EN MACHALA &#8211; \u00daNICO AUTORIZADO EN EL ORO"},"content":{"rendered":"<div class=\"m8h3af8h l7ghb35v kjdc1dyq kmwttqpk gh25dzvf n3t5jt4f\">\n<div dir=\"auto\">La ma\u00f1ana de este viernes, la Agencia Nacional de Tr\u00e1nsito del Ecuador, otorg\u00f3 la resoluci\u00f3n de funcionamiento y autorizaci\u00f3n al Centro de RTV de Machala, convirti\u00e9ndose en el primero de El Oro y el sexto a escala nacional.<\/div>\n<div dir=\"auto\"><\/div>\n<\/div>\n<div class=\"l7ghb35v kjdc1dyq kmwttqpk gh25dzvf jikcssrz n3t5jt4f\">\n<div dir=\"auto\">El programa cont\u00f3 con la asistencia del Dr. Adri\u00e1n Castro Piedra, director ejecutivo de la ANT, autoridades locales y nacionales, adem\u00e1s agremiados del sector transportista, representantes de la empresa privada.<\/div>\n<div dir=\"auto\"><a class=\"qi72231t nu7423ey n3hqoq4p r86q59rh b3qcqh3k fq87ekyn bdao358l fsf7x5fv rse6dlih s5oniofx m8h3af8h l7ghb35v kjdc1dyq kmwttqpk srn514ro oxkhqvkx rl78xhln nch0832m cr00lzj9 rn8ck1ys s3jn8y49 icdlwmnq cxfqmxzd d1w2l3lo tes86rjd\" tabindex=\"0\" role=\"link\" href=\"https:\/\/www.facebook.com\/hashtag\/certificaci%C3%B3ndertv?__eep__=6&amp;__cft__[0]=AZUEZBeWMak3SduNBWDO4AieEKaWAyLOLNQsp6Kdl1f-WXNpl31vXRNKeO7EBU5mpWjLI8V_MeI8XwlNsszbe4ONw1pOpel496_IM6k2Rf33WxrkTDaVqPmeyx-9WjjH3zLAXbXFNySZWcyXQj6jtb78&amp;__tn__=*NK-R\">#Certificaci\u00f3nDeRTV<\/a><\/div>\n<\/div>\n<div class=\"l7ghb35v kjdc1dyq kmwttqpk gh25dzvf jikcssrz n3t5jt4f\">\n<div dir=\"auto\"><a class=\"qi72231t nu7423ey n3hqoq4p r86q59rh b3qcqh3k fq87ekyn bdao358l fsf7x5fv rse6dlih s5oniofx m8h3af8h l7ghb35v kjdc1dyq kmwttqpk srn514ro oxkhqvkx rl78xhln nch0832m cr00lzj9 rn8ck1ys s3jn8y49 icdlwmnq cxfqmxzd d1w2l3lo tes86rjd\" tabindex=\"0\" role=\"link\" href=\"https:\/\/www.facebook.com\/hashtag\/movilidadmachalaep?__eep__=6&amp;__cft__[0]=AZUEZBeWMak3SduNBWDO4AieEKaWAyLOLNQsp6Kdl1f-WXNpl31vXRNKeO7EBU5mpWjLI8V_MeI8XwlNsszbe4ONw1pOpel496_IM6k2Rf33WxrkTDaVqPmeyx-9WjjH3zLAXbXFNySZWcyXQj6jtb78&amp;__tn__=*NK-R\">#MovilidadMachalaEP<\/a><\/div>\n<div dir=\"auto\"><a class=\"qi72231t nu7423ey n3hqoq4p r86q59rh b3qcqh3k fq87ekyn bdao358l fsf7x5fv rse6dlih s5oniofx m8h3af8h l7ghb35v kjdc1dyq kmwttqpk srn514ro oxkhqvkx rl78xhln nch0832m cr00lzj9 rn8ck1ys s3jn8y49 icdlwmnq cxfqmxzd d1w2l3lo tes86rjd\" tabindex=\"0\" role=\"link\" href=\"https:\/\/www.facebook.com\/hashtag\/dar%C3%ADomacasalcalde?__eep__=6&amp;__cft__[0]=AZUEZBeWMak3SduNBWDO4AieEKaWAyLOLNQsp6Kdl1f-WXNpl31vXRNKeO7EBU5mpWjLI8V_MeI8XwlNsszbe4ONw1pOpel496_IM6k2Rf33WxrkTDaVqPmeyx-9WjjH3zLAXbXFNySZWcyXQj6jtb78&amp;__tn__=*NK-R\">#Dar\u00edoMacasAlcalde<\/a><\/div>\n<\/div>\n","protected":false},"excerpt":{"rendered":"<p>La ma\u00f1ana de este viernes, la Agencia Nacional de Tr\u00e1nsito del Ecuador, otorg\u00f3 la resoluci\u00f3n de funcionamiento y autorizaci\u00f3n al Centro de RTV de Machala, convirti\u00e9ndose en el primero de El Oro y el sexto a escala nacional. El programa&hellip;<\/p>\n","protected":false},"author":990005,"featured_media":3302,"comment_status":"closed","ping_status":"closed","sticky":false,"template":"","format":"standard","meta":{"footnotes":""},"categories":[35],"tags":[],"class_list":["post-3301","post","type-post","status-publish","format-standard","has-post-thumbnail","hentry","category-noticias"],"_links":{"self":[{"href":"https:\/\/www.movilidadmachala.gob.ec\/web\/wp-json\/wp\/v2\/posts\/3301","targetHints":{"allow":["GET"]}}],"collection":[{"href":"https:\/\/www.movilidadmachala.gob.ec\/web\/wp-json\/wp\/v2\/posts"}],"about":[{"href":"https:\/\/www.movilidadmachala.gob.ec\/web\/wp-json\/wp\/v2\/types\/post"}],"author":[{"embeddable":true,"href":"https:\/\/www.movilidadmachala.gob.ec\/web\/wp-json\/wp\/v2\/users\/990005"}],"replies":[{"embeddable":true,"href":"https:\/\/www.movilidadmachala.gob.ec\/web\/wp-json\/wp\/v2\/comments?post=3301"}],"version-history":[{"count":1,"href":"https:\/\/www.movilidadmachala.gob.ec\/web\/wp-json\/wp\/v2\/posts\/3301\/revisions"}],"predecessor-version":[{"id":3303,"href":"https:\/\/www.movilidadmachala.gob.ec\/web\/wp-json\/wp\/v2\/posts\/3301\/revisions\/3303"}],"wp:featuredmedia":[{"embeddable":true,"href":"https:\/\/www.movilidadmachala.gob.ec\/web\/wp-json\/wp\/v2\/media\/3302"}],"wp:attachment":[{"href":"https:\/\/www.movilidadmachala.gob.ec\/web\/wp-json\/wp\/v2\/media?parent=3301"}],"wp:term":[{"taxonomy":"category","embeddable":true,"href":"https:\/\/www.movilidadmachala.gob.ec\/web\/wp-json\/wp\/v2\/categories?post=3301"},{"taxonomy":"post_tag","embeddable":true,"href":"https:\/\/www.movilidadmachala.gob.ec\/web\/wp-json\/wp\/v2\/tags?post=3301"}],"curies":[{"name":"wp","href":"https:\/\/api.w.org\/{rel}","templated":true}]}}