{"id":3313,"date":"2022-05-31T09:00:38","date_gmt":"2022-05-31T14:00:38","guid":{"rendered":"https:\/\/www.movilidadmachala.gob.ec\/web\/?p=3313"},"modified":"2022-08-22T16:08:47","modified_gmt":"2022-08-22T21:08:47","slug":"participacion-en-mesa-de-seguridad-ciudadana-ecu-911","status":"publish","type":"post","link":"https:\/\/www.movilidadmachala.gob.ec\/web\/participacion-en-mesa-de-seguridad-ciudadana-ecu-911\/","title":{"rendered":"PARTICIPACI\u00d3N EN MESA DE SEGURIDAD CIUDADANA ECU 911"},"content":{"rendered":"<div class=\"m8h3af8h l7ghb35v kjdc1dyq kmwttqpk gh25dzvf n3t5jt4f\">\n<div dir=\"auto\"><a class=\"qi72231t nu7423ey n3hqoq4p r86q59rh b3qcqh3k fq87ekyn bdao358l fsf7x5fv rse6dlih s5oniofx m8h3af8h l7ghb35v kjdc1dyq kmwttqpk srn514ro oxkhqvkx rl78xhln nch0832m cr00lzj9 rn8ck1ys s3jn8y49 icdlwmnq cxfqmxzd d1w2l3lo tes86rjd\" tabindex=\"0\" role=\"link\" href=\"https:\/\/www.facebook.com\/hashtag\/movilidadcomunica?__eep__=6&amp;__cft__[0]=AZXJ8mEoQhBNEl-BOwS3J71h6_4RKfHJ0LFgsoFDMzS1efYR9WYJGiERQILBflH0dp_DxFz-aABC1EOAMe9g2L_hm7sRXF9VStBbMmwnwmcWyJ6_7_Vhl6LdGf5KDZ7mNsDfwP1DoaAjRU9yEP-Db02i&amp;__tn__=*NK-R\">#MovilidadComunica<\/a><\/div>\n<div dir=\"auto\"><\/div>\n<\/div>\n<div class=\"l7ghb35v kjdc1dyq kmwttqpk gh25dzvf jikcssrz n3t5jt4f\">\n<div dir=\"auto\">El Ing. Daniel Chan Mora, gerente general de Movilidad Machala EP, particip\u00f3 en el comit\u00e9 de seguridad ciudadana de la provincia de El Oro, donde se tiene como objetivo evaluar las estrategias de seguridad que se encuentran en marcha y delinear nuevas para este segundo semestre del 2022, en coordinaci\u00f3n con todas las entidades p\u00fablicas y as\u00ed trabajar de manera conjunta por el bienestar de la poblaci\u00f3n.<\/div>\n<\/div>\n<div class=\"l7ghb35v kjdc1dyq kmwttqpk gh25dzvf jikcssrz n3t5jt4f\">\n<div dir=\"auto\">\u00a1Trabajando por tu seguridad vial!<\/div>\n<\/div>\n<div class=\"l7ghb35v kjdc1dyq kmwttqpk gh25dzvf jikcssrz n3t5jt4f\">\n<div dir=\"auto\"><a class=\"qi72231t nu7423ey n3hqoq4p r86q59rh b3qcqh3k fq87ekyn bdao358l fsf7x5fv rse6dlih s5oniofx m8h3af8h l7ghb35v kjdc1dyq kmwttqpk srn514ro oxkhqvkx rl78xhln nch0832m cr00lzj9 rn8ck1ys s3jn8y49 icdlwmnq cxfqmxzd d1w2l3lo tes86rjd\" tabindex=\"0\" role=\"link\" href=\"https:\/\/www.facebook.com\/hashtag\/movilidadmachalaep?__eep__=6&amp;__cft__[0]=AZXJ8mEoQhBNEl-BOwS3J71h6_4RKfHJ0LFgsoFDMzS1efYR9WYJGiERQILBflH0dp_DxFz-aABC1EOAMe9g2L_hm7sRXF9VStBbMmwnwmcWyJ6_7_Vhl6LdGf5KDZ7mNsDfwP1DoaAjRU9yEP-Db02i&amp;__tn__=*NK-R\">#MovilidadMachalaEP<\/a><\/div>\n<div dir=\"auto\"><a class=\"qi72231t nu7423ey n3hqoq4p r86q59rh b3qcqh3k fq87ekyn bdao358l fsf7x5fv rse6dlih s5oniofx m8h3af8h l7ghb35v kjdc1dyq kmwttqpk srn514ro oxkhqvkx rl78xhln nch0832m cr00lzj9 rn8ck1ys s3jn8y49 icdlwmnq cxfqmxzd d1w2l3lo tes86rjd\" tabindex=\"0\" role=\"link\" href=\"https:\/\/www.facebook.com\/hashtag\/dar%C3%ADomacasalcalde?__eep__=6&amp;__cft__[0]=AZXJ8mEoQhBNEl-BOwS3J71h6_4RKfHJ0LFgsoFDMzS1efYR9WYJGiERQILBflH0dp_DxFz-aABC1EOAMe9g2L_hm7sRXF9VStBbMmwnwmcWyJ6_7_Vhl6LdGf5KDZ7mNsDfwP1DoaAjRU9yEP-Db02i&amp;__tn__=*NK-R\">#Dar\u00edoMacasAlcalde<\/a><\/div>\n<\/div>\n","protected":false},"excerpt":{"rendered":"<p>#MovilidadComunica El Ing. Daniel Chan Mora, gerente general de Movilidad Machala EP, particip\u00f3 en el comit\u00e9 de seguridad ciudadana de la provincia de El Oro, donde se tiene como objetivo evaluar las estrategias de seguridad que se encuentran en marcha&hellip;<\/p>\n","protected":false},"author":990005,"featured_media":3314,"comment_status":"closed","ping_status":"closed","sticky":false,"template":"","format":"standard","meta":{"footnotes":""},"categories":[35],"tags":[],"class_list":["post-3313","post","type-post","status-publish","format-standard","has-post-thumbnail","hentry","category-noticias"],"_links":{"self":[{"href":"https:\/\/www.movilidadmachala.gob.ec\/web\/wp-json\/wp\/v2\/posts\/3313","targetHints":{"allow":["GET"]}}],"collection":[{"href":"https:\/\/www.movilidadmachala.gob.ec\/web\/wp-json\/wp\/v2\/posts"}],"about":[{"href":"https:\/\/www.movilidadmachala.gob.ec\/web\/wp-json\/wp\/v2\/types\/post"}],"author":[{"embeddable":true,"href":"https:\/\/www.movilidadmachala.gob.ec\/web\/wp-json\/wp\/v2\/users\/990005"}],"replies":[{"embeddable":true,"href":"https:\/\/www.movilidadmachala.gob.ec\/web\/wp-json\/wp\/v2\/comments?post=3313"}],"version-history":[{"count":1,"href":"https:\/\/www.movilidadmachala.gob.ec\/web\/wp-json\/wp\/v2\/posts\/3313\/revisions"}],"predecessor-version":[{"id":3315,"href":"https:\/\/www.movilidadmachala.gob.ec\/web\/wp-json\/wp\/v2\/posts\/3313\/revisions\/3315"}],"wp:featuredmedia":[{"embeddable":true,"href":"https:\/\/www.movilidadmachala.gob.ec\/web\/wp-json\/wp\/v2\/media\/3314"}],"wp:attachment":[{"href":"https:\/\/www.movilidadmachala.gob.ec\/web\/wp-json\/wp\/v2\/media?parent=3313"}],"wp:term":[{"taxonomy":"category","embeddable":true,"href":"https:\/\/www.movilidadmachala.gob.ec\/web\/wp-json\/wp\/v2\/categories?post=3313"},{"taxonomy":"post_tag","embeddable":true,"href":"https:\/\/www.movilidadmachala.gob.ec\/web\/wp-json\/wp\/v2\/tags?post=3313"}],"curies":[{"name":"wp","href":"https:\/\/api.w.org\/{rel}","templated":true}]}}