{"id":3456,"date":"2022-10-11T13:27:07","date_gmt":"2022-10-11T18:27:07","guid":{"rendered":"https:\/\/www.movilidadmachala.gob.ec\/web\/?p=3456"},"modified":"2022-10-13T09:30:51","modified_gmt":"2022-10-13T14:30:51","slug":"llegamos-a-la-unidad-educativa-eloy-alfaro","status":"publish","type":"post","link":"https:\/\/www.movilidadmachala.gob.ec\/web\/llegamos-a-la-unidad-educativa-eloy-alfaro\/","title":{"rendered":"\u00a1LLEGAMOS A LA UNIDAD EDUCATIVA ELOY ALFARO!"},"content":{"rendered":"<div class=\"xdj266r x11i5rnm xat24cr x1mh8g0r x1vvkbs x126k92a\">\n<div dir=\"auto\">Impulsamos la capacitaci\u00f3n a j\u00f3venes, con temas importantes en seguridad vial; los asistentes aprendieron de forma l\u00fadica, interactuando y divirti\u00e9ndose para luego compartir lo aprendido en sus hogares, as\u00ed fomentamos la cultura vial.<\/div>\n<\/div>\n<div class=\"x11i5rnm xat24cr x1mh8g0r x1vvkbs xtlvy1s x126k92a\">\n<div dir=\"auto\"><a class=\"x1i10hfl xjbqb8w x6umtig x1b1mbwd xaqea5y xav7gou x9f619 x1ypdohk xt0psk2 xe8uvvx xdj266r x11i5rnm xat24cr x1mh8g0r xexx8yu x4uap5 x18d9i69 xkhd6sd x16tdsg8 x1hl2dhg xggy1nq x1a2a7pz xt0b8zv x1qq9wsj xo1l8bm\" tabindex=\"0\" role=\"link\" href=\"https:\/\/www.facebook.com\/hashtag\/trabajandoportuseguridadvial?__eep__=6&amp;__cft__[0]=AZXNWOTflXCkWaExRcMU3WPUS2L5r281jFsjsOxo6FSC5yYK-jpk8QwoMuMh7XsTIgEC4Z0_TuRHYCfCIeGWhr9EvQLKebNMrr9xjtRSLBGSxX0Lot3IVwmEAztJ0iHIsyPq_oRALFP3o-Ds4XGaTtwcaHeVLJIV-tGDxhb8vDlX_7NfHnNLH5Q_taR5r_gt1i4&amp;__tn__=*NK-R\">#TrabajandoPorTuSeguridadVial<\/a><\/div>\n<div dir=\"auto\"><a class=\"x1i10hfl xjbqb8w x6umtig x1b1mbwd xaqea5y xav7gou x9f619 x1ypdohk xt0psk2 xe8uvvx xdj266r x11i5rnm xat24cr x1mh8g0r xexx8yu x4uap5 x18d9i69 xkhd6sd x16tdsg8 x1hl2dhg xggy1nq x1a2a7pz xt0b8zv x1qq9wsj xo1l8bm\" tabindex=\"0\" role=\"link\" href=\"https:\/\/www.facebook.com\/hashtag\/movilidadmachalaep?__eep__=6&amp;__cft__[0]=AZXNWOTflXCkWaExRcMU3WPUS2L5r281jFsjsOxo6FSC5yYK-jpk8QwoMuMh7XsTIgEC4Z0_TuRHYCfCIeGWhr9EvQLKebNMrr9xjtRSLBGSxX0Lot3IVwmEAztJ0iHIsyPq_oRALFP3o-Ds4XGaTtwcaHeVLJIV-tGDxhb8vDlX_7NfHnNLH5Q_taR5r_gt1i4&amp;__tn__=*NK-R\">#MovilidadMachalaEP<\/a><\/div>\n<\/div>\n<div dir=\"auto\"><\/div>\n<div dir=\"auto\"><img loading=\"lazy\" decoding=\"async\" class=\"alignnone  wp-image-3460 aligncenter\" src=\"https:\/\/www.movilidadmachala.gob.ec\/web\/wp-content\/uploads\/2022\/10\/311654010_404513921871458_5212077964965419165_n-300x300.jpeg\" alt=\"\" width=\"483\" height=\"483\" srcset=\"https:\/\/www.movilidadmachala.gob.ec\/web\/wp-content\/uploads\/2022\/10\/311654010_404513921871458_5212077964965419165_n-300x300.jpeg 300w, https:\/\/www.movilidadmachala.gob.ec\/web\/wp-content\/uploads\/2022\/10\/311654010_404513921871458_5212077964965419165_n-1024x1024.jpeg 1024w, https:\/\/www.movilidadmachala.gob.ec\/web\/wp-content\/uploads\/2022\/10\/311654010_404513921871458_5212077964965419165_n-150x150.jpeg 150w, https:\/\/www.movilidadmachala.gob.ec\/web\/wp-content\/uploads\/2022\/10\/311654010_404513921871458_5212077964965419165_n-768x768.jpeg 768w, https:\/\/www.movilidadmachala.gob.ec\/web\/wp-content\/uploads\/2022\/10\/311654010_404513921871458_5212077964965419165_n-370x370.jpeg 370w, https:\/\/www.movilidadmachala.gob.ec\/web\/wp-content\/uploads\/2022\/10\/311654010_404513921871458_5212077964965419165_n-90x90.jpeg 90w, https:\/\/www.movilidadmachala.gob.ec\/web\/wp-content\/uploads\/2022\/10\/311654010_404513921871458_5212077964965419165_n-760x760.jpeg 760w, https:\/\/www.movilidadmachala.gob.ec\/web\/wp-content\/uploads\/2022\/10\/311654010_404513921871458_5212077964965419165_n-1170x1170.jpeg 1170w, https:\/\/www.movilidadmachala.gob.ec\/web\/wp-content\/uploads\/2022\/10\/311654010_404513921871458_5212077964965419165_n.jpeg 1280w\" sizes=\"auto, (max-width: 483px) 100vw, 483px\" \/><\/div>\n<div dir=\"auto\" style=\"text-align: center;\"><\/div>\n<div dir=\"auto\" style=\"text-align: center;\"><img loading=\"lazy\" decoding=\"async\" class=\"alignnone  wp-image-3459\" src=\"https:\/\/www.movilidadmachala.gob.ec\/web\/wp-content\/uploads\/2022\/10\/311594233_404513878538129_2483447585462180434_n-300x300.jpeg\" alt=\"\" width=\"486\" height=\"486\" srcset=\"https:\/\/www.movilidadmachala.gob.ec\/web\/wp-content\/uploads\/2022\/10\/311594233_404513878538129_2483447585462180434_n-300x300.jpeg 300w, https:\/\/www.movilidadmachala.gob.ec\/web\/wp-content\/uploads\/2022\/10\/311594233_404513878538129_2483447585462180434_n-1024x1024.jpeg 1024w, https:\/\/www.movilidadmachala.gob.ec\/web\/wp-content\/uploads\/2022\/10\/311594233_404513878538129_2483447585462180434_n-150x150.jpeg 150w, https:\/\/www.movilidadmachala.gob.ec\/web\/wp-content\/uploads\/2022\/10\/311594233_404513878538129_2483447585462180434_n-768x769.jpeg 768w, https:\/\/www.movilidadmachala.gob.ec\/web\/wp-content\/uploads\/2022\/10\/311594233_404513878538129_2483447585462180434_n-370x370.jpeg 370w, https:\/\/www.movilidadmachala.gob.ec\/web\/wp-content\/uploads\/2022\/10\/311594233_404513878538129_2483447585462180434_n-90x90.jpeg 90w, https:\/\/www.movilidadmachala.gob.ec\/web\/wp-content\/uploads\/2022\/10\/311594233_404513878538129_2483447585462180434_n-760x761.jpeg 760w, https:\/\/www.movilidadmachala.gob.ec\/web\/wp-content\/uploads\/2022\/10\/311594233_404513878538129_2483447585462180434_n-1170x1170.jpeg 1170w, https:\/\/www.movilidadmachala.gob.ec\/web\/wp-content\/uploads\/2022\/10\/311594233_404513878538129_2483447585462180434_n.jpeg 1279w\" sizes=\"auto, (max-width: 486px) 100vw, 486px\" \/><\/div>\n<div dir=\"auto\" style=\"text-align: center;\"><\/div>\n<div dir=\"auto\"><img loading=\"lazy\" decoding=\"async\" class=\"alignnone  wp-image-3458 aligncenter\" src=\"https:\/\/www.movilidadmachala.gob.ec\/web\/wp-content\/uploads\/2022\/10\/311589978_404513891871461_1419519486117044964_n-300x300.jpeg\" alt=\"\" width=\"489\" height=\"489\" srcset=\"https:\/\/www.movilidadmachala.gob.ec\/web\/wp-content\/uploads\/2022\/10\/311589978_404513891871461_1419519486117044964_n-300x300.jpeg 300w, https:\/\/www.movilidadmachala.gob.ec\/web\/wp-content\/uploads\/2022\/10\/311589978_404513891871461_1419519486117044964_n-1024x1024.jpeg 1024w, https:\/\/www.movilidadmachala.gob.ec\/web\/wp-content\/uploads\/2022\/10\/311589978_404513891871461_1419519486117044964_n-150x150.jpeg 150w, https:\/\/www.movilidadmachala.gob.ec\/web\/wp-content\/uploads\/2022\/10\/311589978_404513891871461_1419519486117044964_n-768x768.jpeg 768w, https:\/\/www.movilidadmachala.gob.ec\/web\/wp-content\/uploads\/2022\/10\/311589978_404513891871461_1419519486117044964_n-370x370.jpeg 370w, https:\/\/www.movilidadmachala.gob.ec\/web\/wp-content\/uploads\/2022\/10\/311589978_404513891871461_1419519486117044964_n-90x90.jpeg 90w, https:\/\/www.movilidadmachala.gob.ec\/web\/wp-content\/uploads\/2022\/10\/311589978_404513891871461_1419519486117044964_n-760x760.jpeg 760w, https:\/\/www.movilidadmachala.gob.ec\/web\/wp-content\/uploads\/2022\/10\/311589978_404513891871461_1419519486117044964_n-1170x1170.jpeg 1170w, https:\/\/www.movilidadmachala.gob.ec\/web\/wp-content\/uploads\/2022\/10\/311589978_404513891871461_1419519486117044964_n.jpeg 1280w\" sizes=\"auto, (max-width: 489px) 100vw, 489px\" \/><\/div>\n","protected":false},"excerpt":{"rendered":"<p>Impulsamos la capacitaci\u00f3n a j\u00f3venes, con temas importantes en seguridad vial; los asistentes aprendieron de forma l\u00fadica, interactuando y divirti\u00e9ndose para luego compartir lo aprendido en sus hogares, as\u00ed fomentamos la cultura vial. #TrabajandoPorTuSeguridadVial #MovilidadMachalaEP<\/p>\n","protected":false},"author":990005,"featured_media":3457,"comment_status":"closed","ping_status":"closed","sticky":false,"template":"","format":"standard","meta":{"footnotes":""},"categories":[35],"tags":[],"class_list":["post-3456","post","type-post","status-publish","format-standard","has-post-thumbnail","hentry","category-noticias"],"_links":{"self":[{"href":"https:\/\/www.movilidadmachala.gob.ec\/web\/wp-json\/wp\/v2\/posts\/3456","targetHints":{"allow":["GET"]}}],"collection":[{"href":"https:\/\/www.movilidadmachala.gob.ec\/web\/wp-json\/wp\/v2\/posts"}],"about":[{"href":"https:\/\/www.movilidadmachala.gob.ec\/web\/wp-json\/wp\/v2\/types\/post"}],"author":[{"embeddable":true,"href":"https:\/\/www.movilidadmachala.gob.ec\/web\/wp-json\/wp\/v2\/users\/990005"}],"replies":[{"embeddable":true,"href":"https:\/\/www.movilidadmachala.gob.ec\/web\/wp-json\/wp\/v2\/comments?post=3456"}],"version-history":[{"count":1,"href":"https:\/\/www.movilidadmachala.gob.ec\/web\/wp-json\/wp\/v2\/posts\/3456\/revisions"}],"predecessor-version":[{"id":3461,"href":"https:\/\/www.movilidadmachala.gob.ec\/web\/wp-json\/wp\/v2\/posts\/3456\/revisions\/3461"}],"wp:featuredmedia":[{"embeddable":true,"href":"https:\/\/www.movilidadmachala.gob.ec\/web\/wp-json\/wp\/v2\/media\/3457"}],"wp:attachment":[{"href":"https:\/\/www.movilidadmachala.gob.ec\/web\/wp-json\/wp\/v2\/media?parent=3456"}],"wp:term":[{"taxonomy":"category","embeddable":true,"href":"https:\/\/www.movilidadmachala.gob.ec\/web\/wp-json\/wp\/v2\/categories?post=3456"},{"taxonomy":"post_tag","embeddable":true,"href":"https:\/\/www.movilidadmachala.gob.ec\/web\/wp-json\/wp\/v2\/tags?post=3456"}],"curies":[{"name":"wp","href":"https:\/\/api.w.org\/{rel}","templated":true}]}}