{"id":3462,"date":"2022-10-11T11:31:48","date_gmt":"2022-10-11T16:31:48","guid":{"rendered":"https:\/\/www.movilidadmachala.gob.ec\/web\/?p=3462"},"modified":"2022-10-13T09:32:44","modified_gmt":"2022-10-13T14:32:44","slug":"pre-inspeccion-gratis","status":"publish","type":"post","link":"https:\/\/www.movilidadmachala.gob.ec\/web\/pre-inspeccion-gratis\/","title":{"rendered":"\u00a1PRE-INSPECCI\u00d3N GRATIS!"},"content":{"rendered":"<div class=\"xdj266r x11i5rnm xat24cr x1mh8g0r x1vvkbs x126k92a\">\n<div dir=\"auto\">Realiza tu revisi\u00f3n vehicular t\u00e9cnica los primeros d\u00edas del mes y recibe una pre-inspecci\u00f3n gratis.<\/div>\n<\/div>\n<div class=\"x11i5rnm xat24cr x1mh8g0r x1vvkbs xtlvy1s x126k92a\">\n<div dir=\"auto\">Vis\u00edtanos en nuestras instalaciones ubicadas en la Av. Ferroviaria, diagonal al Terminal Terrestre.<\/div>\n<\/div>\n<div class=\"x11i5rnm xat24cr x1mh8g0r x1vvkbs xtlvy1s x126k92a\">\n<div dir=\"auto\"><a class=\"x1i10hfl xjbqb8w x6umtig x1b1mbwd xaqea5y xav7gou x9f619 x1ypdohk xt0psk2 xe8uvvx xdj266r x11i5rnm xat24cr x1mh8g0r xexx8yu x4uap5 x18d9i69 xkhd6sd x16tdsg8 x1hl2dhg xggy1nq x1a2a7pz xt0b8zv x1qq9wsj xo1l8bm\" tabindex=\"0\" role=\"link\" href=\"https:\/\/www.facebook.com\/hashtag\/trabajandoportuseguridadvial?__eep__=6&amp;__cft__[0]=AZWyI9I-yoAf1vo8Gh5IdmX4nIpr64eL1bkL26t7gZWtxHgDpXsmwKmBMBsB_kLh46_PGsoXCXJgxfRSYoNo1Dadam9AsYj-JskEy90HdTuMoBAt9zFVj99X2BKlEQOg0MCTj8KUcQkmCmZcpcq0macARotJZu9-UXzL_jrCh_0-4-_Y9jPMBfk-h3G8evqX84w&amp;__tn__=*NK-R\">#TrabajandoPorTuSeguridadVial<\/a><\/div>\n<div dir=\"auto\"><a class=\"x1i10hfl xjbqb8w x6umtig x1b1mbwd xaqea5y xav7gou x9f619 x1ypdohk xt0psk2 xe8uvvx xdj266r x11i5rnm xat24cr x1mh8g0r xexx8yu x4uap5 x18d9i69 xkhd6sd x16tdsg8 x1hl2dhg xggy1nq x1a2a7pz xt0b8zv x1qq9wsj xo1l8bm\" tabindex=\"0\" role=\"link\" href=\"https:\/\/www.facebook.com\/hashtag\/dariomacasalcalde?__eep__=6&amp;__cft__[0]=AZWyI9I-yoAf1vo8Gh5IdmX4nIpr64eL1bkL26t7gZWtxHgDpXsmwKmBMBsB_kLh46_PGsoXCXJgxfRSYoNo1Dadam9AsYj-JskEy90HdTuMoBAt9zFVj99X2BKlEQOg0MCTj8KUcQkmCmZcpcq0macARotJZu9-UXzL_jrCh_0-4-_Y9jPMBfk-h3G8evqX84w&amp;__tn__=*NK-R\">#DarioMacasAlcalde<\/a><\/div>\n<div dir=\"auto\"><a class=\"x1i10hfl xjbqb8w x6umtig x1b1mbwd xaqea5y xav7gou x9f619 x1ypdohk xt0psk2 xe8uvvx xdj266r x11i5rnm xat24cr x1mh8g0r xexx8yu x4uap5 x18d9i69 xkhd6sd x16tdsg8 x1hl2dhg xggy1nq x1a2a7pz xt0b8zv x1qq9wsj xo1l8bm\" tabindex=\"0\" role=\"link\" href=\"https:\/\/www.facebook.com\/hashtag\/applus?__eep__=6&amp;__cft__[0]=AZWyI9I-yoAf1vo8Gh5IdmX4nIpr64eL1bkL26t7gZWtxHgDpXsmwKmBMBsB_kLh46_PGsoXCXJgxfRSYoNo1Dadam9AsYj-JskEy90HdTuMoBAt9zFVj99X2BKlEQOg0MCTj8KUcQkmCmZcpcq0macARotJZu9-UXzL_jrCh_0-4-_Y9jPMBfk-h3G8evqX84w&amp;__tn__=*NK-R\">#Applus<\/a>+RTV<\/div>\n<div dir=\"auto\"><a class=\"x1i10hfl xjbqb8w x6umtig x1b1mbwd xaqea5y xav7gou x9f619 x1ypdohk xt0psk2 xe8uvvx xdj266r x11i5rnm xat24cr x1mh8g0r xexx8yu x4uap5 x18d9i69 xkhd6sd x16tdsg8 x1hl2dhg xggy1nq x1a2a7pz xt0b8zv x1qq9wsj xo1l8bm\" tabindex=\"0\" role=\"link\" href=\"https:\/\/www.facebook.com\/ApplusRTV?__cft__[0]=AZWyI9I-yoAf1vo8Gh5IdmX4nIpr64eL1bkL26t7gZWtxHgDpXsmwKmBMBsB_kLh46_PGsoXCXJgxfRSYoNo1Dadam9AsYj-JskEy90HdTuMoBAt9zFVj99X2BKlEQOg0MCTj8KUcQkmCmZcpcq0macARotJZu9-UXzL_jrCh_0-4-_Y9jPMBfk-h3G8evqX84w&amp;__tn__=-]K-R\"><span class=\"xt0psk2\">Applus+RTV<\/span><\/a><\/div>\n<\/div>\n","protected":false},"excerpt":{"rendered":"<p>Realiza tu revisi\u00f3n vehicular t\u00e9cnica los primeros d\u00edas del mes y recibe una pre-inspecci\u00f3n gratis. Vis\u00edtanos en nuestras instalaciones ubicadas en la Av. Ferroviaria, diagonal al Terminal Terrestre. #TrabajandoPorTuSeguridadVial #DarioMacasAlcalde #Applus+RTV Applus+RTV<\/p>\n","protected":false},"author":990005,"featured_media":3463,"comment_status":"closed","ping_status":"closed","sticky":false,"template":"","format":"standard","meta":{"footnotes":""},"categories":[35],"tags":[],"class_list":["post-3462","post","type-post","status-publish","format-standard","has-post-thumbnail","hentry","category-noticias"],"_links":{"self":[{"href":"https:\/\/www.movilidadmachala.gob.ec\/web\/wp-json\/wp\/v2\/posts\/3462","targetHints":{"allow":["GET"]}}],"collection":[{"href":"https:\/\/www.movilidadmachala.gob.ec\/web\/wp-json\/wp\/v2\/posts"}],"about":[{"href":"https:\/\/www.movilidadmachala.gob.ec\/web\/wp-json\/wp\/v2\/types\/post"}],"author":[{"embeddable":true,"href":"https:\/\/www.movilidadmachala.gob.ec\/web\/wp-json\/wp\/v2\/users\/990005"}],"replies":[{"embeddable":true,"href":"https:\/\/www.movilidadmachala.gob.ec\/web\/wp-json\/wp\/v2\/comments?post=3462"}],"version-history":[{"count":1,"href":"https:\/\/www.movilidadmachala.gob.ec\/web\/wp-json\/wp\/v2\/posts\/3462\/revisions"}],"predecessor-version":[{"id":3464,"href":"https:\/\/www.movilidadmachala.gob.ec\/web\/wp-json\/wp\/v2\/posts\/3462\/revisions\/3464"}],"wp:featuredmedia":[{"embeddable":true,"href":"https:\/\/www.movilidadmachala.gob.ec\/web\/wp-json\/wp\/v2\/media\/3463"}],"wp:attachment":[{"href":"https:\/\/www.movilidadmachala.gob.ec\/web\/wp-json\/wp\/v2\/media?parent=3462"}],"wp:term":[{"taxonomy":"category","embeddable":true,"href":"https:\/\/www.movilidadmachala.gob.ec\/web\/wp-json\/wp\/v2\/categories?post=3462"},{"taxonomy":"post_tag","embeddable":true,"href":"https:\/\/www.movilidadmachala.gob.ec\/web\/wp-json\/wp\/v2\/tags?post=3462"}],"curies":[{"name":"wp","href":"https:\/\/api.w.org\/{rel}","templated":true}]}}