{"id":3695,"date":"2023-01-31T11:40:02","date_gmt":"2023-01-31T16:40:02","guid":{"rendered":"https:\/\/www.movilidadmachala.gob.ec\/web\/?p=3695"},"modified":"2023-02-03T10:41:22","modified_gmt":"2023-02-03T15:41:22","slug":"matriculacion-febrero","status":"publish","type":"post","link":"https:\/\/www.movilidadmachala.gob.ec\/web\/matriculacion-febrero\/","title":{"rendered":"MATRICULACI\u00d3N FEBRERO"},"content":{"rendered":"<div class=\"x11i5rnm xat24cr x1mh8g0r x1vvkbs xdj266r x126k92a\">\n<div dir=\"auto\">\u00a1Pilas desde ma\u00f1ana!<\/div>\n<\/div>\n<div class=\"x11i5rnm xat24cr x1mh8g0r x1vvkbs xtlvy1s x126k92a\">\n<div dir=\"auto\">En <a class=\"x1i10hfl xjbqb8w x6umtig x1b1mbwd xaqea5y xav7gou x9f619 x1ypdohk xt0psk2 xe8uvvx xdj266r x11i5rnm xat24cr x1mh8g0r xexx8yu x4uap5 x18d9i69 xkhd6sd x16tdsg8 x1hl2dhg xggy1nq x1a2a7pz xt0b8zv x1qq9wsj xo1l8bm\" tabindex=\"0\" role=\"link\" href=\"https:\/\/www.facebook.com\/hashtag\/febrero?__eep__=6&amp;__cft__[0]=AZXH6-ckAVdfjfYe0EfHTF8jl0cVxECD1wYJCczk5nYxMm-NwDFUfccWGhUjkhcc6uXKulbNzBepNla7qn53o8wx88WZS3yrMYXfhtT8mNHiHXDuCguwOUNZqeslxNuPccjGMuYWBnyWOSvbz1y2xtn793gu6YO2H1Tl2-A49LdKzwbVKTJVJbvnFUZ4mC8Pppc&amp;__tn__=*NK-R\">#febrero<\/a> pueden realizar la matriculaci\u00f3n de los veh\u00edculos con placas terminadas en d\u00edgito 1, en el mejor Centro de Revisi\u00f3n T\u00e9cnica Vehicular de la provincia.<\/div>\n<\/div>\n<div class=\"x11i5rnm xat24cr x1mh8g0r x1vvkbs xtlvy1s x126k92a\">\n<div dir=\"auto\">Visita nuestra p\u00e1gina web para obtener tu turno: <a class=\"x1i10hfl xjbqb8w x6umtig x1b1mbwd xaqea5y xav7gou x9f619 x1ypdohk xt0psk2 xe8uvvx xdj266r x11i5rnm xat24cr x1mh8g0r xexx8yu x4uap5 x18d9i69 xkhd6sd x16tdsg8 x1hl2dhg xggy1nq x1a2a7pz xt0b8zv x1fey0fg\" tabindex=\"0\" role=\"link\" href=\"http:\/\/www.movilidadmachala.gob.ec\/?fbclid=IwAR2j1Rs4X5cfZEqRtDAwpeRYEFmUBb8HFKKmpcGnv6nS2Gyvanw-ZNxK7OE\" target=\"_blank\" rel=\"nofollow noopener\">www.movilidadmachala.gob.ec<\/a><\/div>\n<\/div>\n<div class=\"x11i5rnm xat24cr x1mh8g0r x1vvkbs xtlvy1s x126k92a\">\n<div dir=\"auto\"><a class=\"x1i10hfl xjbqb8w x6umtig x1b1mbwd xaqea5y xav7gou x9f619 x1ypdohk xt0psk2 xe8uvvx xdj266r x11i5rnm xat24cr x1mh8g0r xexx8yu x4uap5 x18d9i69 xkhd6sd x16tdsg8 x1hl2dhg xggy1nq x1a2a7pz xt0b8zv x1qq9wsj xo1l8bm\" tabindex=\"0\" role=\"link\" href=\"https:\/\/www.facebook.com\/hashtag\/movilidadmachalaep?__eep__=6&amp;__cft__[0]=AZXH6-ckAVdfjfYe0EfHTF8jl0cVxECD1wYJCczk5nYxMm-NwDFUfccWGhUjkhcc6uXKulbNzBepNla7qn53o8wx88WZS3yrMYXfhtT8mNHiHXDuCguwOUNZqeslxNuPccjGMuYWBnyWOSvbz1y2xtn793gu6YO2H1Tl2-A49LdKzwbVKTJVJbvnFUZ4mC8Pppc&amp;__tn__=*NK-R\">#MovilidadMachalaEP<\/a><\/div>\n<\/div>\n","protected":false},"excerpt":{"rendered":"<p>\u00a1Pilas desde ma\u00f1ana! En #febrero pueden realizar la matriculaci\u00f3n de los veh\u00edculos con placas terminadas en d\u00edgito 1, en el mejor Centro de Revisi\u00f3n T\u00e9cnica Vehicular de la provincia. Visita nuestra p\u00e1gina web para obtener tu turno: www.movilidadmachala.gob.ec #MovilidadMachalaEP<\/p>\n","protected":false},"author":990005,"featured_media":3686,"comment_status":"closed","ping_status":"closed","sticky":false,"template":"","format":"standard","meta":{"footnotes":""},"categories":[35],"tags":[],"class_list":["post-3695","post","type-post","status-publish","format-standard","has-post-thumbnail","hentry","category-noticias"],"_links":{"self":[{"href":"https:\/\/www.movilidadmachala.gob.ec\/web\/wp-json\/wp\/v2\/posts\/3695","targetHints":{"allow":["GET"]}}],"collection":[{"href":"https:\/\/www.movilidadmachala.gob.ec\/web\/wp-json\/wp\/v2\/posts"}],"about":[{"href":"https:\/\/www.movilidadmachala.gob.ec\/web\/wp-json\/wp\/v2\/types\/post"}],"author":[{"embeddable":true,"href":"https:\/\/www.movilidadmachala.gob.ec\/web\/wp-json\/wp\/v2\/users\/990005"}],"replies":[{"embeddable":true,"href":"https:\/\/www.movilidadmachala.gob.ec\/web\/wp-json\/wp\/v2\/comments?post=3695"}],"version-history":[{"count":1,"href":"https:\/\/www.movilidadmachala.gob.ec\/web\/wp-json\/wp\/v2\/posts\/3695\/revisions"}],"predecessor-version":[{"id":3696,"href":"https:\/\/www.movilidadmachala.gob.ec\/web\/wp-json\/wp\/v2\/posts\/3695\/revisions\/3696"}],"wp:featuredmedia":[{"embeddable":true,"href":"https:\/\/www.movilidadmachala.gob.ec\/web\/wp-json\/wp\/v2\/media\/3686"}],"wp:attachment":[{"href":"https:\/\/www.movilidadmachala.gob.ec\/web\/wp-json\/wp\/v2\/media?parent=3695"}],"wp:term":[{"taxonomy":"category","embeddable":true,"href":"https:\/\/www.movilidadmachala.gob.ec\/web\/wp-json\/wp\/v2\/categories?post=3695"},{"taxonomy":"post_tag","embeddable":true,"href":"https:\/\/www.movilidadmachala.gob.ec\/web\/wp-json\/wp\/v2\/tags?post=3695"}],"curies":[{"name":"wp","href":"https:\/\/api.w.org\/{rel}","templated":true}]}}